{"id":7134,"date":"2025-11-06T10:41:13","date_gmt":"2025-11-06T14:41:13","guid":{"rendered":"https:\/\/xtendo.global\/pt\/?p=7134"},"modified":"2026-02-03T10:52:17","modified_gmt":"2026-02-03T14:52:17","slug":"xtendo-global-bpo-recebe-o-reconhecimento-crece-2025-pela-sua-expansao-estrategica-na-europa-e-pela-sua-contribuicao-para-o-emprego-na-grande-canaria","status":"publish","type":"post","link":"https:\/\/xtendo.global\/pt\/blog\/xtendo-global-bpo-recebe-o-reconhecimento-crece-2025-pela-sua-expansao-estrategica-na-europa-e-pela-sua-contribuicao-para-o-emprego-na-grande-canaria\/","title":{"rendered":"Xtendo Global | BPO recebe o reconhecimento \u201cCRECE 2025\u201d pela sua expans\u00e3o estrat\u00e9gica na Europa e pela sua contribui\u00e7\u00e3o para o emprego na Grande Can\u00e1ria"},"content":{"rendered":"<h2>Madri, 6 de novembro de 2025<\/h2>\n<p>\nA <strong>Associa\u00e7\u00e3o Espanhola de Especialistas em Relacionamento com Clientes (AEERC)<\/strong><br \/>\nreconheceu a <strong>Xtendo Global | BPO<\/strong> com o pr\u00eamio <strong>\u201cCRECE 2025\u201d<\/strong>,<br \/>\ndestacando sua <strong>expans\u00e3o estrat\u00e9gica na Gran Canaria<\/strong> e sua contribui\u00e7\u00e3o para a<br \/>\n<strong>gera\u00e7\u00e3o de empregos<\/strong> e a <strong>inova\u00e7\u00e3o<\/strong> no setor de<br \/>\n<strong>atendimento ao cliente<\/strong>.\n<\/p>\n<p>\nA cerim\u00f4nia de premia\u00e7\u00e3o aconteceu durante a <strong>ExpoRC<\/strong>, no<br \/>\n<strong>Audit\u00f3rio Bu\u00f1uel<\/strong> do <strong>Kin\u00e9polis Ciudad de la Imagen<\/strong>.<br \/>\nO presidente da AEERC, <strong>Jos\u00e9 Francisco Rodr\u00edguez<\/strong>, ressaltou a import\u00e2ncia de<br \/>\nreconhecer empresas que fortalecem o <strong>ecossistema produtivo nacional e regional<\/strong>:\n<\/p>\n<blockquote><p>\n\u201cA <strong>Xtendo<\/strong> \u00e9 um exemplo de <strong>inova\u00e7\u00e3o<\/strong>, <strong>crescimento sustent\u00e1vel<\/strong> e<br \/>\n<strong>compromisso social<\/strong>. A abertura de seu novo centro de opera\u00e7\u00f5es em<br \/>\n<strong>Las Palmas<\/strong> impulsiona a cria\u00e7\u00e3o de <strong>empregos de qualidade<\/strong> em um ambiente<br \/>\ncada vez mais competitivo.\u201d\n<\/p><\/blockquote>\n<h3>Um Novo Hub de Talentos e Servi\u00e7os BPO nas Ilhas Can\u00e1rias<\/h3>\n<p>\nA inaugura\u00e7\u00e3o do <strong>Centro de Contact Center e Servi\u00e7os Digitais da Xtendo<\/strong> em<br \/>\n<strong>Las Palmas de Gran Canaria<\/strong> marca um importante avan\u00e7o na<br \/>\n<strong>estrat\u00e9gia de expans\u00e3o europeia<\/strong> da empresa.\n<\/p>\n<p>\nEssa localiza\u00e7\u00e3o permite atender clientes em toda a <strong>Europa<\/strong> em diversos idiomas \u2014<br \/>\n<strong>ingl\u00eas, franc\u00eas, portugu\u00eas, alem\u00e3o, noruegu\u00eas e italiano<\/strong> \u2014 consolidando as<br \/>\n<strong>Ilhas Can\u00e1rias<\/strong> como um <strong>hub estrat\u00e9gico<\/strong> para a exporta\u00e7\u00e3o de<br \/>\n<strong>servi\u00e7os digitais<\/strong> e de <strong>experi\u00eancia do cliente<\/strong>.\n<\/p>\n<p>\nCom mais de <strong>1.500 profissionais<\/strong> em <strong>25 pa\u00edses<\/strong>, a Xtendo reafirma seu<br \/>\n<strong>modelo de crescimento<\/strong> baseado na <strong>diversidade<\/strong>,<br \/>\n<strong>colabora\u00e7\u00e3o internacional<\/strong> e na cria\u00e7\u00e3o de<br \/>\n<strong>empregos de alto valor agregado<\/strong>, promovendo modelos de trabalho<br \/>\n<strong>presenciais<\/strong> e <strong>remotos<\/strong>.\n<\/p>\n<h3>Expans\u00e3o com Impacto Social e Econ\u00f4mico<\/h3>\n<p>\nA chegada da <strong>Xtendo<\/strong> \u00e0 <strong>Gran Canaria<\/strong> refor\u00e7a a tend\u00eancia de<br \/>\n<strong>descentraliza\u00e7\u00e3o dos servi\u00e7os empresariais<\/strong> para regi\u00f5es com<br \/>\n<strong>alto potencial de talentos<\/strong>.\n<\/p>\n<p>\nO novo centro opera sob um modelo que combina<br \/>\n<strong>efici\u00eancia operacional<\/strong>, <strong>sustentabilidade<\/strong> e<br \/>\n<strong>oportunidades de trabalho<\/strong>, alinhado aos<br \/>\n<strong>objetivos de desenvolvimento econ\u00f4mico<\/strong> da regi\u00e3o e \u00e0s<br \/>\n<strong>pol\u00edticas de atra\u00e7\u00e3o de investimentos<\/strong> nos setores de<br \/>\n<strong>tecnologia<\/strong> e <strong>servi\u00e7os<\/strong>.\n<\/p>\n<p>\nSegundo <strong>Mart\u00edn Barbero, CEO &#038; Founder da Xtendo Global | BPO<\/strong>:\n<\/p>\n<blockquote><p>\n\u201cEsse reconhecimento da <strong>AEERC<\/strong> representa mais do que uma conquista empresarial:<br \/>\n\u00e9 o resultado de um compromisso cont\u00ednuo com as <strong>pessoas<\/strong>, o<br \/>\n<strong>emprego<\/strong> e a <strong>qualidade dos servi\u00e7os<\/strong>. Crescer na <strong>Europa<\/strong><br \/>\ntamb\u00e9m significa gerar valor em cada comunidade onde atuamos.\u201d\n<\/p><\/blockquote>\n<h3>Inova\u00e7\u00e3o na Experi\u00eancia Global do Cliente<\/h3>\n<p>\nA expans\u00e3o europeia fortalece a capacidade da Xtendo de oferecer<br \/>\n<strong>servi\u00e7os BPO multil\u00edngues<\/strong> com <strong>alto n\u00edvel de especializa\u00e7\u00e3o<\/strong>.\n<\/p>\n<p>\nSua abordagem combina <strong>tecnologia<\/strong>, <strong>intelig\u00eancia artificial<\/strong> e<br \/>\n<strong>empatia humana<\/strong>, integrando processos avan\u00e7ados de<br \/>\n<strong>atendimento omnichannel<\/strong>, <strong>suporte p\u00f3s-venda<\/strong> e<br \/>\n<strong>gest\u00e3o de conte\u00fados digitais<\/strong>.\n<\/p>\n<p>\nEssa sinergia impulsiona uma <strong>experi\u00eancia global do cliente<\/strong> mais<br \/>\n<strong>pr\u00f3xima<\/strong>, <strong>eficiente<\/strong> e <strong>adaptada<\/strong> \u00e0s particularidades culturais<br \/>\nde cada mercado.\n<\/p>\n<h3>Compromisso com o Futuro do Trabalho<\/h3>\n<p>\nA <strong>Xtendo Global | BPO<\/strong> faz parte de uma nova gera\u00e7\u00e3o de empresas que promovem<br \/>\n<strong>talentos sem fronteiras<\/strong> e o <strong>trabalho remoto respons\u00e1vel<\/strong>,<br \/>\nampliando as <strong>oportunidades de desenvolvimento profissional<\/strong><br \/>\nna <strong>Am\u00e9rica<\/strong> e na <strong>Europa<\/strong>.\n<\/p>\n<p>\nO centro de <strong>Las Palmas<\/strong> tamb\u00e9m ser\u00e1 um polo de<br \/>\n<strong>capacita\u00e7\u00e3o<\/strong> e <strong>atualiza\u00e7\u00e3o cont\u00ednua<\/strong>, em parceria com<br \/>\n<strong>universidades<\/strong> e <strong>programas locais de emprego<\/strong>.\n<\/p>\n<h3>Uma Hist\u00f3ria de Crescimento Compartilhado<\/h3>\n<p>\nCom mais de <strong>duas d\u00e9cadas de atua\u00e7\u00e3o<\/strong> e projetos ativos em<br \/>\n<strong>tr\u00eas continentes<\/strong>, a Xtendo continua consolidando sua posi\u00e7\u00e3o como<br \/>\n<strong>parceira estrat\u00e9gica<\/strong> na evolu\u00e7\u00e3o da<br \/>\n<strong>experi\u00eancia do cliente<\/strong>, contribuindo simultaneamente para o<br \/>\n<strong>crescimento econ\u00f4mico<\/strong> e a <strong>gera\u00e7\u00e3o de empregos sustent\u00e1veis<\/strong>.<\/p>\n","protected":false},"excerpt":{"rendered":"<p>Madri, 6 de novembro de 2025 A Associa\u00e7\u00e3o Espanhola de Especialistas em Relacionamento com Clientes (AEERC) reconheceu a Xtendo Global | BPO com o pr\u00eamio \u201cCRECE 2025\u201d, destacando sua expans\u00e3o estrat\u00e9gica na Gran Canaria e sua contribui\u00e7\u00e3o para a gera\u00e7\u00e3o de empregos e a inova\u00e7\u00e3o no setor de atendimento ao cliente. A cerim\u00f4nia de premia\u00e7\u00e3o [&hellip;]<\/p>\n","protected":false},"author":3,"featured_media":7135,"comment_status":"closed","ping_status":"closed","sticky":false,"template":"","format":"standard","meta":{"footnotes":""},"categories":[1],"tags":[],"class_list":["post-7134","post","type-post","status-publish","format-standard","has-post-thumbnail","hentry","category-blog"],"_links":{"self":[{"href":"https:\/\/xtendo.global\/pt\/wp-json\/wp\/v2\/posts\/7134","targetHints":{"allow":["GET"]}}],"collection":[{"href":"https:\/\/xtendo.global\/pt\/wp-json\/wp\/v2\/posts"}],"about":[{"href":"https:\/\/xtendo.global\/pt\/wp-json\/wp\/v2\/types\/post"}],"author":[{"embeddable":true,"href":"https:\/\/xtendo.global\/pt\/wp-json\/wp\/v2\/users\/3"}],"replies":[{"embeddable":true,"href":"https:\/\/xtendo.global\/pt\/wp-json\/wp\/v2\/comments?post=7134"}],"version-history":[{"count":1,"href":"https:\/\/xtendo.global\/pt\/wp-json\/wp\/v2\/posts\/7134\/revisions"}],"predecessor-version":[{"id":7136,"href":"https:\/\/xtendo.global\/pt\/wp-json\/wp\/v2\/posts\/7134\/revisions\/7136"}],"wp:featuredmedia":[{"embeddable":true,"href":"https:\/\/xtendo.global\/pt\/wp-json\/wp\/v2\/media\/7135"}],"wp:attachment":[{"href":"https:\/\/xtendo.global\/pt\/wp-json\/wp\/v2\/media?parent=7134"}],"wp:term":[{"taxonomy":"category","embeddable":true,"href":"https:\/\/xtendo.global\/pt\/wp-json\/wp\/v2\/categories?post=7134"},{"taxonomy":"post_tag","embeddable":true,"href":"https:\/\/xtendo.global\/pt\/wp-json\/wp\/v2\/tags?post=7134"}],"curies":[{"name":"wp","href":"https:\/\/api.w.org\/{rel}","templated":true}]}}