{"id":4521,"date":"2025-04-01T14:59:59","date_gmt":"2025-04-01T19:59:59","guid":{"rendered":"https:\/\/xtendo.biz\/en\/?p=4521"},"modified":"2026-01-24T21:50:11","modified_gmt":"2026-01-25T01:50:11","slug":"equilibrio-vida-pessoal-profissional-pos-pa","status":"publish","type":"post","link":"https:\/\/xtendo.global\/pt\/blog-en\/equilibrio-vida-pessoal-profissional-pos-pa\/","title":{"rendered":"O que significa equil\u00edbrio entre vida profissional e pessoal na era p\u00f3s-pandemia?"},"content":{"rendered":"\t\t<div data-elementor-type=\"wp-post\" data-elementor-id=\"4521\" class=\"elementor elementor-4521\" data-elementor-post-type=\"post\">\n\t\t\t\t<div class=\"elementor-element elementor-element-1238be23 e-flex e-con-boxed e-con e-parent\" data-id=\"1238be23\" data-element_type=\"container\" data-e-type=\"container\" data-settings=\"{&quot;jet_parallax_layout_list&quot;:[]}\">\n\t\t\t\t\t<div class=\"e-con-inner\">\n\t\t\t\t<div class=\"elementor-element elementor-element-3bff68c8 elementor-widget elementor-widget-text-editor\" data-id=\"3bff68c8\" data-element_type=\"widget\" data-e-type=\"widget\" data-widget_type=\"text-editor.default\">\n\t\t\t\t<div class=\"elementor-widget-container\">\n\t\t\t\t\t\t\t\t\t\n<p>2 de abril de 2021<\/p>\n\n\n\n<p>A concilia\u00e7\u00e3o entre a vida familiar e profissional \u00e9 essencial no contexto atual, com uma crise sanit\u00e1ria impactando a vida privada e profissional das pessoas. Torna-se cada vez mais necess\u00e1rio que as equipes das empresas alcancem um equil\u00edbrio que lhes permita otimizar o desempenho e desfrutar do tempo livre sem culpa, reconhecendo os benef\u00edcios que essa desconex\u00e3o oferece para as tarefas di\u00e1rias.<\/p>\n\n\n\n<p><em>Por Jessica Mendoza, Team Management na Xtendo Global<\/em><\/p>\n\n\n\n<p>Recentemente, os modelos de trabalho em equipe mudaram radicalmente. Anteriormente, as empresas empregavam majoritariamente funcion\u00e1rios em tempo integral, com tudo o que isso implicava: trabalhar um n\u00famero fixo de horas, seguir rotinas em um ambiente controlado e deixar qualquer momento de lazer ou distra\u00e7\u00e3o fora do hor\u00e1rio de trabalho.<\/p>\n\n\n\n<p>Embora houvesse momentos de pausas ativas e intera\u00e7\u00e3o social durante a jornada de trabalho, existia uma distin\u00e7\u00e3o f\u00edsica entre os espa\u00e7os profissional e pessoal, j\u00e1 que as atividades pessoais normalmente aconteciam em um local diferente do ambiente de trabalho.<\/p>\n\n\n\n<p>Com o modelo de home office, o espa\u00e7o f\u00edsico passou a ser o mesmo tanto para a realiza\u00e7\u00e3o das tarefas profissionais quanto para desfrutar de momentos pessoais. Al\u00e9m disso, sem o controle de hor\u00e1rios de entrada e sa\u00edda, torna-se dif\u00edcil estabelecer limites e tra\u00e7ar uma linha clara entre trabalho e vida pessoal.<\/p>\n\n\n\n<p>Al\u00e9m disso, os trabalhadores remotos costumam enxergar isso como uma oportunidade de adiantar tarefas, mesmo que isso signifique ficar acordado at\u00e9 tarde, o que n\u00e3o apenas desequilibra a rela\u00e7\u00e3o entre trabalho e vida pessoal, como tamb\u00e9m interfere nos ritmos circadianos e em h\u00e1bitos saud\u00e1veis de sono e higiene.<\/p>\n\n\n\n<p>Outra consequ\u00eancia do trabalho remoto \u00e9 a perda do contato direto com os colegas. Ter pessoas com quem trocar ideias e encontrar solu\u00e7\u00f5es conjuntas \u00e9 uma experi\u00eancia que n\u00e3o pode ser reproduzida da mesma forma em ambientes virtuais, j\u00e1 que as videochamadas \u2014 a ferramenta utilizada para esse fim \u2014 embora permitam certos aspectos da comunica\u00e7\u00e3o, deixam de lado a linguagem corporal, que \u00e9 fundamental.<\/p>\n\n\n\n<p>\u00c9 poss\u00edvel adicionar contexto observando mudan\u00e7as no tom de voz e nas express\u00f5es faciais, mas sem d\u00favida, estar em ambientes e circunst\u00e2ncias completamente diferentes pode dificultar a compreens\u00e3o total \u2014 ou profunda \u2014 da situa\u00e7\u00e3o dos colegas e a oferta do apoio ou assist\u00eancia adequados. Sem mencionar que, para muitas pessoas, essa pr\u00e1tica pode representar uma carga emocional adicional ou estresse, sendo inclusive considerada uma invas\u00e3o de privacidade.<\/p>\n\n\n\n<p>Por esse motivo, as empresas devem estar atentas ao bem-estar de seus colaboradores e avaliar como se comunicar de forma eficaz para alcan\u00e7ar seus objetivos.<\/p>\n\n\n\n<p><strong>Como incorporar um equil\u00edbrio adequado entre vida profissional e pessoal?<\/strong><\/p>\n\n\n\n<p>A responsabilidade por manter o equil\u00edbrio est\u00e1 dos dois lados. Por um lado, o colaborador deve estar ciente das tarefas e expectativas que a empresa possui para organizar sua agenda de acordo, estimando o tempo necess\u00e1rio para cumpri-las e distribuindo espa\u00e7os proporcionais entre trabalho e vida social.<\/p>\n\n\n\n<p>Por outro lado, o colaborador deve ser capaz de evitar a sobrecarga de atividades, sejam reuni\u00f5es ou tarefas espec\u00edficas, e estabelecer limites saud\u00e1veis. No entanto, cabe \u00e0 empresa desenvolver atividades que permitam aos colaboradores desempenhar suas fun\u00e7\u00f5es de forma eficaz no \u00e2mbito profissional e tamb\u00e9m relaxar de maneira equilibrada.<\/p>\n\n\n\n<p>Compete \u00e0s organiza\u00e7\u00f5es fazer um esfor\u00e7o para facilitar a transi\u00e7\u00e3o entre o tempo de trabalho e o tempo de lazer dentro de limites saud\u00e1veis, pensando em programas e atividades com esse prop\u00f3sito.<\/p>\n\n\n\n<p>Seja por excesso de tarefas ou por falta de instru\u00e7\u00f5es claras, est\u00e1 comprovado que o desequil\u00edbrio leva \u00e0 perda de motiva\u00e7\u00e3o e produtividade. Para prevenir e reverter essa situa\u00e7\u00e3o, algumas empresas adotaram programas de bem-estar no ambiente de trabalho.<\/p>\n\n\n\n<p>Embora esses programas ainda sejam minoria \u2014 pois exigem esfor\u00e7o e recursos para sua implementa\u00e7\u00e3o \u2014 espera-se que esse n\u00famero aumente, acompanhando a conscientiza\u00e7\u00e3o e o reconhecimento da import\u00e2ncia e dos benef\u00edcios que podem ser obtidos simplesmente ao considerar as necessidades e demandas de seus colaboradores.<\/p>\n\n\n\n<p><strong>Uma mudan\u00e7a que veio para ficar<\/strong><\/p>\n\n\n\n<p>Uma empresa que compreende e trabalha as necessidades de seus colaboradores cria um bom ambiente de trabalho dentro da organiza\u00e7\u00e3o. Al\u00e9m disso, gera impacto emocional e senso de pertencimento nos funcion\u00e1rios, enquanto uma empresa que n\u00e3o cria estrat\u00e9gias para oferecer bem-estar provavelmente ter\u00e1 pessoas que permanecem por necessidade e n\u00e3o por paix\u00e3o pelo que fazem, levando a alta rotatividade, trabalho desqualificado, desmotiva\u00e7\u00e3o e baixa produtividade.<\/p>\n\n\n\n<p>A maioria das empresas n\u00e3o estava preparada para migrar suas equipes para o trabalho remoto, por isso programas de reten\u00e7\u00e3o, fideliza\u00e7\u00e3o e acolhimento \u2014 que podem ser ben\u00e9ficos para a sa\u00fade, desempenho, motiva\u00e7\u00e3o e identifica\u00e7\u00e3o com a empresa, al\u00e9m de aumentar o sentimento de reconhecimento \u2014 tornaram-se elementos-chave a serem incorporados, independentemente do or\u00e7amento dispon\u00edvel.<\/p>\n\n\n\n<p>Hoje, o bem-estar significa algo diferente do que significava h\u00e1 duas d\u00e9cadas, ou mesmo menos. A pandemia despertou nas pessoas a necessidade de conviver com a fam\u00edlia, valorizar momentos de lazer e encontrar prazer em fontes diferentes das habituais, priorizando inclusive experi\u00eancias em vez de recompensas monet\u00e1rias.<\/p>\n\n\n\n<p>Essa mudan\u00e7a \u00e9 algo que as empresas n\u00e3o podem ignorar se quiserem contribuir para o equil\u00edbrio entre vida profissional e pessoal de seus colaboradores e, consequentemente, desfrutar dos benef\u00edcios mencionados anteriormente.<\/p>\n\n\n\n<p>Embora exista uma luz no fim do t\u00fanel em rela\u00e7\u00e3o \u00e0 pandemia e seus efeitos, como o retorno aos escrit\u00f3rios e aos modelos h\u00edbridos em alguns lugares mais do que em outros, trata-se sem d\u00favida de um evento hist\u00f3rico que marcou um antes e um depois.<\/p>\n\n\n\n<p><strong>Tr\u00eas pilares para alcan\u00e7ar o equil\u00edbrio desejado<\/strong><\/p>\n\n\n\n<p>As necessidades tanto das empresas quanto dos indiv\u00edduos mudaram e continuar\u00e3o mudando. Para se adaptar com sucesso, sabendo que o tempo \u00e9 um recurso limitado, \u00e9 essencial encontrar o equil\u00edbrio adequado entre o tempo dedicado \u00e0s necessidades pessoais e \u00e0s tarefas profissionais.<\/p>\n\n\n\n<p>Enquanto o mundo avan\u00e7a em ritmos diferentes rumo ao chamado \u201cnovo normal\u201d, h\u00e1 tr\u00eas pilares que todas as partes envolvidas devem considerar para alcan\u00e7ar o equil\u00edbrio desejado entre vida pessoal e profissional, sem negligenciar nenhum aspecto:<\/p>\n\n\n\n<ol class=\"wp-block-list\">\n<li>Estabelecer limites saud\u00e1veis.<\/li>\n<li>Dedicar tempo de qualidade \u00e0 vida pessoal.<\/li>\n<li>Lembrar que produtividade n\u00e3o \u00e9 igual ao tempo gasto em uma tarefa.<\/li>\n<\/ol>\n\n\n\n<p>A chave, al\u00e9m dos tr\u00eas pilares mencionados, \u00e9 pensar no m\u00e9dio e longo prazo, pois esse equil\u00edbrio desejado \u00e9 um estado din\u00e2mico, uma percep\u00e7\u00e3o constru\u00edda ao longo de m\u00faltos dias de trabalho. Portanto, as estrat\u00e9gias implementadas por empresas e colaboradores devem, acima de tudo, ser sustent\u00e1veis ao longo do tempo.<\/p>\n\n\n\n<p>A mensagem \u00e9 clara: a vida profissional nunca mais ser\u00e1 a mesma, e insistir em metodologias do paradigma anterior, que se tornaram completamente obsoletas e ultrapassadas para o contexto atual, n\u00e3o beneficiar\u00e1 nenhuma das partes. Cabe a cada organiza\u00e7\u00e3o e colaborador abrir os olhos e agir de acordo, ou olhar para o outro lado e contribuir para sua pr\u00f3pria deteriora\u00e7\u00e3o.<\/p>\n\n\t\t\t\t\t\t\t\t<\/div>\n\t\t\t\t<\/div>\n\t\t\t\t\t<\/div>\n\t\t\t\t<\/div>\n\t\t\t\t<\/div>\n\t\t","protected":false},"excerpt":{"rendered":"<p>2 de abril de 2021 A concilia\u00e7\u00e3o entre a vida familiar e profissional \u00e9 essencial no contexto atual, com uma crise sanit\u00e1ria impactando a vida privada e profissional das pessoas. Torna-se cada vez mais necess\u00e1rio que as equipes das empresas alcancem um equil\u00edbrio que lhes permita otimizar o desempenho e desfrutar do tempo livre sem [&hellip;]<\/p>\n","protected":false},"author":3,"featured_media":4747,"comment_status":"closed","ping_status":"closed","sticky":false,"template":"","format":"standard","meta":{"footnotes":""},"categories":[73],"tags":[],"class_list":["post-4521","post","type-post","status-publish","format-standard","has-post-thumbnail","hentry","category-blog-en"],"_links":{"self":[{"href":"https:\/\/xtendo.global\/pt\/wp-json\/wp\/v2\/posts\/4521","targetHints":{"allow":["GET"]}}],"collection":[{"href":"https:\/\/xtendo.global\/pt\/wp-json\/wp\/v2\/posts"}],"about":[{"href":"https:\/\/xtendo.global\/pt\/wp-json\/wp\/v2\/types\/post"}],"author":[{"embeddable":true,"href":"https:\/\/xtendo.global\/pt\/wp-json\/wp\/v2\/users\/3"}],"replies":[{"embeddable":true,"href":"https:\/\/xtendo.global\/pt\/wp-json\/wp\/v2\/comments?post=4521"}],"version-history":[{"count":5,"href":"https:\/\/xtendo.global\/pt\/wp-json\/wp\/v2\/posts\/4521\/revisions"}],"predecessor-version":[{"id":6867,"href":"https:\/\/xtendo.global\/pt\/wp-json\/wp\/v2\/posts\/4521\/revisions\/6867"}],"wp:featuredmedia":[{"embeddable":true,"href":"https:\/\/xtendo.global\/pt\/wp-json\/wp\/v2\/media\/4747"}],"wp:attachment":[{"href":"https:\/\/xtendo.global\/pt\/wp-json\/wp\/v2\/media?parent=4521"}],"wp:term":[{"taxonomy":"category","embeddable":true,"href":"https:\/\/xtendo.global\/pt\/wp-json\/wp\/v2\/categories?post=4521"},{"taxonomy":"post_tag","embeddable":true,"href":"https:\/\/xtendo.global\/pt\/wp-json\/wp\/v2\/tags?post=4521"}],"curies":[{"name":"wp","href":"https:\/\/api.w.org\/{rel}","templated":true}]}}